{"id":16,"date":"2015-08-11T12:09:36","date_gmt":"2015-08-11T12:09:36","guid":{"rendered":"http:\/\/Mt-ETNA-a-krater-Silvestri"},"modified":"2019-03-07T18:15:36","modified_gmt":"2019-03-07T17:15:36","slug":"mt-etna-a-krater-silvestri","status":"publish","type":"post","link":"https:\/\/www.alohapatek.cz\/index.php\/2015\/08\/11\/mt-etna-a-krater-silvestri\/","title":{"rendered":"Mt.  ETNA a kr\u00e1ter Silvestri"},"content":{"rendered":"\n<figure class=\"wp-block-image is-resized\"><a href=\"https:\/\/www.alohapatek.cz\/wp-content\/uploads\/2015\/08\/11.08.15252B-252B1.jpeg\"><img loading=\"lazy\" decoding=\"async\" src=\"https:\/\/www.alohapatek.cz\/wp-content\/uploads\/2015\/08\/11.08.15252B-252B1.jpeg\" alt=\"\" width=\"960\" height=\"308\"\/><\/a><\/figure>\n\n\n\n<p>Mt.  ETNA a kr\u00e1ter Silvestri <\/p>\n\n\n\n<p>Etna je 3 323m vysok\u00e1 a jedn\u00e1 se o nejvy\u0161\u0161\u00ed sopku v Evrop\u011b, m\u00e1 pr\u016fm\u011br 140km a jedn\u00e1 se o stratovulk\u00e1n. Je st\u00e1le aktivn\u00ed. Kr\u00e1ter Silvestri le\u017e\u00ed ve v\u00fd\u0161ce 1 980 m.n.m a je nejnav\u0161t\u011bvovan\u011bj\u0161\u00edm m\u00edstem na svaz\u00edch Etny. Hned vedle je chata rifugio Sapienza ve kter\u00e9 p\u0159ipravuj\u00ed molto bene espresso \ufeff. Na kr\u00e1ter Del 2001 jsme podnikli kr\u00e1tk\u00fd Trek. Je to jako \u0161lapat v Ostrav\u011b na haldu \u0161kv\u00e1ry. K tomu v\u00edtr a horko no p\u0159i\u0161li jsme v odst\u00ednech \u010derven\u00e9 a \u010dern\u00e9, nicm\u00e9n\u011b otev\u0159en\u00e9 sand\u00e1ly nem\u016f\u017eu doporu\u010dit jako vhodnou obuv, ale k tomu by v\u00edc asi \u0159ekl P\u0159ema nebo \u0160i\u0161ka \ud83d\ude06<\/p>\n","protected":false},"excerpt":{"rendered":"<p>        Mt.  ETNA a kr\u00e1ter Silvestri<\/p>\n","protected":false},"author":3,"featured_media":10666,"comment_status":"open","ping_status":"open","sticky":false,"template":"","format":"standard","meta":{"footnotes":""},"categories":[73],"tags":[5],"class_list":["post-16","post","type-post","status-publish","format-standard","has-post-thumbnail","hentry","category-italie","tag-radim-adamek"],"_links":{"self":[{"href":"https:\/\/www.alohapatek.cz\/index.php\/wp-json\/wp\/v2\/posts\/16","targetHints":{"allow":["GET"]}}],"collection":[{"href":"https:\/\/www.alohapatek.cz\/index.php\/wp-json\/wp\/v2\/posts"}],"about":[{"href":"https:\/\/www.alohapatek.cz\/index.php\/wp-json\/wp\/v2\/types\/post"}],"author":[{"embeddable":true,"href":"https:\/\/www.alohapatek.cz\/index.php\/wp-json\/wp\/v2\/users\/3"}],"replies":[{"embeddable":true,"href":"https:\/\/www.alohapatek.cz\/index.php\/wp-json\/wp\/v2\/comments?post=16"}],"version-history":[{"count":1,"href":"https:\/\/www.alohapatek.cz\/index.php\/wp-json\/wp\/v2\/posts\/16\/revisions"}],"predecessor-version":[{"id":11286,"href":"https:\/\/www.alohapatek.cz\/index.php\/wp-json\/wp\/v2\/posts\/16\/revisions\/11286"}],"wp:featuredmedia":[{"embeddable":true,"href":"https:\/\/www.alohapatek.cz\/index.php\/wp-json\/wp\/v2\/media\/10666"}],"wp:attachment":[{"href":"https:\/\/www.alohapatek.cz\/index.php\/wp-json\/wp\/v2\/media?parent=16"}],"wp:term":[{"taxonomy":"category","embeddable":true,"href":"https:\/\/www.alohapatek.cz\/index.php\/wp-json\/wp\/v2\/categories?post=16"},{"taxonomy":"post_tag","embeddable":true,"href":"https:\/\/www.alohapatek.cz\/index.php\/wp-json\/wp\/v2\/tags?post=16"}],"curies":[{"name":"wp","href":"https:\/\/api.w.org\/{rel}","templated":true}]}}