{"id":18439,"date":"2021-06-22T12:15:05","date_gmt":"2021-06-22T10:15:05","guid":{"rendered":"https:\/\/www.alohapatek.cz\/?p=18439"},"modified":"2021-06-24T19:06:46","modified_gmt":"2021-06-24T17:06:46","slug":"letni-slunovrat","status":"publish","type":"post","link":"https:\/\/www.alohapatek.cz\/index.php\/2021\/06\/22\/letni-slunovrat\/","title":{"rendered":"LETN\u00cd SLUNOVRAT"},"content":{"rendered":"\n<p>Tak a je to tady, v\u010dera vstoupilo Slunce do obratn\u00edku Raka. To znamen\u00e1, \u017ee byl nejdel\u0161\u00ed den a nejkrat\u0161\u00ed noc. Po\u010d\u00ednaje dne\u0161kem se zase za\u010d\u00edn\u00e1 zkracovat den. Zat\u00edm nic dramatick\u00e9ho \ud83d\ude42 P\u0159es letn\u00ed pr\u00e1zdniny si je\u0161t\u011b u\u017eijeme slun\u00ed\u010dka dost, ale ka\u017edop\u00e1dn\u011b k lep\u0161\u00edmu to nesp\u011bje. <\/p>\n\n\n\n<figure class=\"wp-block-image size-large\"><a href=\"https:\/\/www.alohapatek.cz\/wp-content\/uploads\/2017\/12\/20171115_070304.jpg\"><img loading=\"lazy\" decoding=\"async\" width=\"1024\" height=\"576\" src=\"https:\/\/www.alohapatek.cz\/wp-content\/uploads\/2017\/12\/20171115_070304-1024x576.jpg\" alt=\"\" class=\"wp-image-3998\" srcset=\"https:\/\/www.alohapatek.cz\/wp-content\/uploads\/2017\/12\/20171115_070304-1024x576.jpg 1024w, https:\/\/www.alohapatek.cz\/wp-content\/uploads\/2017\/12\/20171115_070304-300x169.jpg 300w, https:\/\/www.alohapatek.cz\/wp-content\/uploads\/2017\/12\/20171115_070304-768x432.jpg 768w, https:\/\/www.alohapatek.cz\/wp-content\/uploads\/2017\/12\/20171115_070304-520x293.jpg 520w\" sizes=\"auto, (max-width: 1024px) 100vw, 1024px\" \/><\/a><figcaption>                Molokai<\/figcaption><\/figure>\n\n\n\n<p>Prav\u00e9 poledne je te\u010f ve 13 hodin. Tento t\u00fdden se nebude je\u0161t\u011b nic m\u011bnit. Zpo\u010d\u00e1tku se den bude zkracovat jen velmi pomalu, ale od poloviny \u010dervence u\u017e to bude o 2 minuty ka\u017ed\u00fd den.<\/p>\n\n\n\n<p>Fotka je z Molokai, ale tam je stejn\u00e9 slunko jako u n\u00e1s, akor\u00e1t tam sv\u00edt\u00ed o 12 hod d\u0159\u00edv. Jen tak na okraj, na Havaji je cel\u00fd rok rovnodennost. <\/p>\n","protected":false},"excerpt":{"rendered":"<p>V\u010dera vstoupilo Slunce do obratn\u00edku Raka. To znamen\u00e1, \u017ee byl nejdel\u0161\u00ed den a nejkrat\u0161\u00ed noc. Po\u010d\u00ednaje dne\u0161kem se zase za\u010d\u00edn\u00e1 zkracovat den<\/p>\n","protected":false},"author":3,"featured_media":3998,"comment_status":"open","ping_status":"open","sticky":false,"template":"","format":"standard","meta":{"footnotes":""},"categories":[7,34],"tags":[591,119],"class_list":["post-18439","post","type-post","status-publish","format-standard","has-post-thumbnail","hentry","category-pocasi","category-priroda","tag-letni-slunovrat","tag-slunce"],"_links":{"self":[{"href":"https:\/\/www.alohapatek.cz\/index.php\/wp-json\/wp\/v2\/posts\/18439","targetHints":{"allow":["GET"]}}],"collection":[{"href":"https:\/\/www.alohapatek.cz\/index.php\/wp-json\/wp\/v2\/posts"}],"about":[{"href":"https:\/\/www.alohapatek.cz\/index.php\/wp-json\/wp\/v2\/types\/post"}],"author":[{"embeddable":true,"href":"https:\/\/www.alohapatek.cz\/index.php\/wp-json\/wp\/v2\/users\/3"}],"replies":[{"embeddable":true,"href":"https:\/\/www.alohapatek.cz\/index.php\/wp-json\/wp\/v2\/comments?post=18439"}],"version-history":[{"count":5,"href":"https:\/\/www.alohapatek.cz\/index.php\/wp-json\/wp\/v2\/posts\/18439\/revisions"}],"predecessor-version":[{"id":18444,"href":"https:\/\/www.alohapatek.cz\/index.php\/wp-json\/wp\/v2\/posts\/18439\/revisions\/18444"}],"wp:featuredmedia":[{"embeddable":true,"href":"https:\/\/www.alohapatek.cz\/index.php\/wp-json\/wp\/v2\/media\/3998"}],"wp:attachment":[{"href":"https:\/\/www.alohapatek.cz\/index.php\/wp-json\/wp\/v2\/media?parent=18439"}],"wp:term":[{"taxonomy":"category","embeddable":true,"href":"https:\/\/www.alohapatek.cz\/index.php\/wp-json\/wp\/v2\/categories?post=18439"},{"taxonomy":"post_tag","embeddable":true,"href":"https:\/\/www.alohapatek.cz\/index.php\/wp-json\/wp\/v2\/tags?post=18439"}],"curies":[{"name":"wp","href":"https:\/\/api.w.org\/{rel}","templated":true}]}}