{"id":1870,"date":"2018-10-30T09:36:22","date_gmt":"2018-10-30T09:36:22","guid":{"rendered":"http:\/\/KAUAI-nejnovejsi-neoficialni-informace-ze-710"},"modified":"2022-04-20T16:50:08","modified_gmt":"2022-04-20T15:50:08","slug":"kauai-nejnovejsi-neoficialni-informace-ze-710","status":"publish","type":"post","link":"https:\/\/www.alohapatek.cz\/index.php\/2018\/10\/30\/kauai-nejnovejsi-neoficialni-informace-ze-710\/","title":{"rendered":"KAUAI &#8211; nejnov\u011bj\u0161\u00ed informace"},"content":{"rendered":"\n<p>KAUAI &#8211; nejnov\u011bj\u0161\u00ed neofici\u00e1ln\u00ed informace ze 7.10 . v podstat\u011b se zde \u0159\u00edk\u00e1, \u017ee cesta z Hanalei do Haeny nebude opravena ani do konce roku 2019 a \u017ee opravy se d\u00edky hurik\u00e1nu Lane prodlou\u017e\u00ed o bl\u00ed\u017ee nespecifikovanou dobu. Pravd\u011bpodobn\u011b v\u0161ak a\u017e do poloviny roku  2019 mo\u017en\u00e1 i d\u00e9le. Komunitn\u00ed centra a hlavn\u011b County Hanalei bojuj\u00ed za to, aby byla zprovozn\u011bna alespo\u0148 jedna linka kyvadlov\u00e9 dopravy z Princeille a\u017e na pl\u00e1\u017e Ke&#8217;e pro n\u00e1v\u0161t\u011bvn\u00edky, ale toto \u0159e\u0161en\u00ed bude pravd\u011bpodobn\u011b nerealizovateln\u00e9. <\/p>\n\n\n\n<div class=\"wp-block-image\"><figure class=\"alignright is-resized\"><a href=\"https:\/\/www.alohapatek.cz\/wp-content\/uploads\/2018\/04\/gplus-170525574.jpg\"><img loading=\"lazy\" decoding=\"async\" src=\"https:\/\/www.alohapatek.cz\/wp-content\/uploads\/2018\/04\/gplus-170525574.jpg\" alt=\"\" class=\"wp-image-1905\" width=\"305\" height=\"406\" srcset=\"https:\/\/www.alohapatek.cz\/wp-content\/uploads\/2018\/04\/gplus-170525574.jpg 720w, https:\/\/www.alohapatek.cz\/wp-content\/uploads\/2018\/04\/gplus-170525574-225x300.jpg 225w, https:\/\/www.alohapatek.cz\/wp-content\/uploads\/2018\/04\/gplus-170525574-520x693.jpg 520w\" sizes=\"auto, (max-width: 305px) 100vw, 305px\" \/><\/a><figcaption>        \n      <\/figcaption><\/figure><\/div>\n\n\n\n<p>Nejv\u00edce probl\u00e9m\u016f a diskus\u00ed v\u0161ak prob\u00edh\u00e1 kolem  \u00a7 106 z\u00e1kona o n\u00e1rodn\u00edm historick\u00e9m zach\u00e1zen\u00ed. To je z\u00e1kon, kter\u00fd upravuje n\u00e1rodn\u00ed rejst\u0159\u00edk a vy\u017eaduje, aby v\u00edce agentur vyhodnotilo a schvalovalo projekty, kter\u00e9 mohou ovlivnit funkci a n\u00e1vrh \u0161irok\u00e9 \u0161k\u00e1ly prac\u00ed na ur\u010den\u00fdch historick\u00fdch m\u00edstech.<\/p>\n\n\n\n<p><\/p>\n\n\n\n<div class=\"wp-block-image\"><figure class=\"alignleft is-resized\"><a href=\"https:\/\/www.alohapatek.cz\/wp-content\/uploads\/2018\/04\/gplus-1703338195.jpg\"><img loading=\"lazy\" decoding=\"async\" src=\"https:\/\/www.alohapatek.cz\/wp-content\/uploads\/2018\/04\/gplus-1703338195.jpg\" alt=\"\" class=\"wp-image-1903\" width=\"463\" height=\"463\" srcset=\"https:\/\/www.alohapatek.cz\/wp-content\/uploads\/2018\/04\/gplus-1703338195.jpg 960w, https:\/\/www.alohapatek.cz\/wp-content\/uploads\/2018\/04\/gplus-1703338195-150x150.jpg 150w, https:\/\/www.alohapatek.cz\/wp-content\/uploads\/2018\/04\/gplus-1703338195-300x300.jpg 300w, https:\/\/www.alohapatek.cz\/wp-content\/uploads\/2018\/04\/gplus-1703338195-768x768.jpg 768w, https:\/\/www.alohapatek.cz\/wp-content\/uploads\/2018\/04\/gplus-1703338195-160x160.jpg 160w, https:\/\/www.alohapatek.cz\/wp-content\/uploads\/2018\/04\/gplus-1703338195-320x320.jpg 320w, https:\/\/www.alohapatek.cz\/wp-content\/uploads\/2018\/04\/gplus-1703338195-520x520.jpg 520w\" sizes=\"auto, (max-width: 463px) 100vw, 463px\" \/><\/a><figcaption>        \n      <\/figcaption><\/figure><\/div>\n\n\n\n<p> <strong>**<\/strong> Voln\u011b p\u0159elo\u017eeno zdr\u017euje to zp\u016fsob , jak\u00fdm bude v budoucnu provozov\u00e1n n\u00e1rodn\u00ed park Haena a vlastn\u011b cel\u00e9 Na&#8217;Pali coast. Jde o velk\u00fd pr\u016fser, kter\u00fd pravd\u011bpodobn\u011b skon\u010d\u00ed p\u0159\u00edsnou regulac\u00ed a monitorov\u00e1n\u00edm vjezdu n\u00e1v\u0161t\u011bvn\u00edk\u016f do tohoto parku kdy bude ur\u010den denn\u00ed limit a jejich po\u010det. Bohu\u017eel tato regulace nep\u0159inese nic dobr\u00e9ho a v budoucnu se zcela zm\u011bn\u00ed charakter a mo\u017enosti p\u0159\u00edstupu na toto pob\u0159e\u017e\u00ed <strong>**<\/strong><\/p>\n\n\n\n<p><\/p>\n\n\n\n<div class=\"wp-block-image\"><figure class=\"alignright is-resized\"><a href=\"https:\/\/www.alohapatek.cz\/wp-content\/uploads\/2018\/04\/gplus-895388517.jpg\"><img loading=\"lazy\" decoding=\"async\" src=\"https:\/\/www.alohapatek.cz\/wp-content\/uploads\/2018\/04\/gplus-895388517.jpg\" alt=\"\" class=\"wp-image-1904\" width=\"375\" height=\"375\" srcset=\"https:\/\/www.alohapatek.cz\/wp-content\/uploads\/2018\/04\/gplus-895388517.jpg 960w, https:\/\/www.alohapatek.cz\/wp-content\/uploads\/2018\/04\/gplus-895388517-150x150.jpg 150w, https:\/\/www.alohapatek.cz\/wp-content\/uploads\/2018\/04\/gplus-895388517-300x300.jpg 300w, https:\/\/www.alohapatek.cz\/wp-content\/uploads\/2018\/04\/gplus-895388517-768x768.jpg 768w, https:\/\/www.alohapatek.cz\/wp-content\/uploads\/2018\/04\/gplus-895388517-160x160.jpg 160w, https:\/\/www.alohapatek.cz\/wp-content\/uploads\/2018\/04\/gplus-895388517-320x320.jpg 320w, https:\/\/www.alohapatek.cz\/wp-content\/uploads\/2018\/04\/gplus-895388517-520x520.jpg 520w\" sizes=\"auto, (max-width: 375px) 100vw, 375px\" \/><\/a><figcaption>        \n      <\/figcaption><\/figure><\/div>\n\n\n\n<p>Nad\u00e1le plat\u00ed, \u017ee uz\u00e1v\u011bra cesty za\u010d\u00edn\u00e1 u z\u00e1kladn\u00ed \u0161koly v Hanalei a vjezd je povolen pouze vozidl\u016fm se speci\u00e1ln\u00edm ozna\u010den\u00edm, jako nap\u0159 st\u00e1tn\u00ed spr\u00e1va, \u00fadr\u017eba silnic a residenti. Za nerespektov\u00e1n\u00ed se vyb\u00edraj\u00ed pokuty i kdy\u017e prvn\u00ed dv\u011b m\u00edle jsou sj\u00edzdn\u00e9 a\u017e do Lumahai, kde je z\u00e1vora a kontrola platn\u00fdch povolen\u00ed.  <\/p>\n\n\n\n<p>      Dal\u0161\u00ed prohl\u00e1\u0161en\u00ed bude vyd\u00e1no za 60dn\u00ed od 7.9 kdy bylo naposledy aktualizov\u00e1no ofici\u00e1ln\u00ed prohl\u00e1\u0161en\u00ed spr\u00e1vy n\u00e1rodn\u00edho parku Kauai. Tzn 7.11.2018 vyjde pravd\u011bpodobn\u011b nov\u00e9 prohl\u00e1\u0161en\u00ed ve kter\u00e9m se prodlou\u017e\u00ed uzav\u00edrka cesty a\u017e do \u010dervna roku 2019.<\/p>\n\n\n\n<p>D\u00e1le prob\u00edh\u00e1 bagrov\u00e1n\u00ed p\u00edsku v Hanalei peer na pl\u00e1\u017e  black pot kter\u00e9 bylo zni\u010deno povodn\u011bmi. tento park je nad\u00e1le uzav\u0159en a\u017e do odvol\u00e1n\u00ed.<\/p>\n","protected":false},"excerpt":{"rendered":"<p>        KAUAI &#8211; nejnov\u011bj\u0161\u00ed neofici\u00e1ln\u00ed informace ze 7.10 <\/p>\n","protected":false},"author":3,"featured_media":1904,"comment_status":"open","ping_status":"open","sticky":false,"template":"","format":"standard","meta":{"footnotes":""},"categories":[19],"tags":[28,140],"class_list":["post-1870","post","type-post","status-publish","format-standard","has-post-thumbnail","hentry","category-kauai","tag-kauai","tag-povodne"],"_links":{"self":[{"href":"https:\/\/www.alohapatek.cz\/index.php\/wp-json\/wp\/v2\/posts\/1870","targetHints":{"allow":["GET"]}}],"collection":[{"href":"https:\/\/www.alohapatek.cz\/index.php\/wp-json\/wp\/v2\/posts"}],"about":[{"href":"https:\/\/www.alohapatek.cz\/index.php\/wp-json\/wp\/v2\/types\/post"}],"author":[{"embeddable":true,"href":"https:\/\/www.alohapatek.cz\/index.php\/wp-json\/wp\/v2\/users\/3"}],"replies":[{"embeddable":true,"href":"https:\/\/www.alohapatek.cz\/index.php\/wp-json\/wp\/v2\/comments?post=1870"}],"version-history":[{"count":5,"href":"https:\/\/www.alohapatek.cz\/index.php\/wp-json\/wp\/v2\/posts\/1870\/revisions"}],"predecessor-version":[{"id":19905,"href":"https:\/\/www.alohapatek.cz\/index.php\/wp-json\/wp\/v2\/posts\/1870\/revisions\/19905"}],"wp:featuredmedia":[{"embeddable":true,"href":"https:\/\/www.alohapatek.cz\/index.php\/wp-json\/wp\/v2\/media\/1904"}],"wp:attachment":[{"href":"https:\/\/www.alohapatek.cz\/index.php\/wp-json\/wp\/v2\/media?parent=1870"}],"wp:term":[{"taxonomy":"category","embeddable":true,"href":"https:\/\/www.alohapatek.cz\/index.php\/wp-json\/wp\/v2\/categories?post=1870"},{"taxonomy":"post_tag","embeddable":true,"href":"https:\/\/www.alohapatek.cz\/index.php\/wp-json\/wp\/v2\/tags?post=1870"}],"curies":[{"name":"wp","href":"https:\/\/api.w.org\/{rel}","templated":true}]}}