{"id":4515,"date":"2019-02-02T07:46:45","date_gmt":"2019-02-02T06:46:45","guid":{"rendered":"http:\/\/Rekordni-mrazy-i-vedra-Zmena-klimatu-prinasi-divoke-extremni-pocasi"},"modified":"2019-07-07T12:07:16","modified_gmt":"2019-07-07T11:07:16","slug":"rekordni-mrazy-i-vedra-zmena-klimatu-prinasi-divoke-extremni-pocasi","status":"publish","type":"post","link":"https:\/\/www.alohapatek.cz\/index.php\/2019\/02\/02\/rekordni-mrazy-i-vedra-zmena-klimatu-prinasi-divoke-extremni-pocasi\/","title":{"rendered":"Zm\u011bna klimatu"},"content":{"rendered":"zaj\u00edmav\u00fd \u010dl\u00e1nek o zm\u011bn\u00e1ch klimatu p\u0159in\u00e1\u0161\u00ed rubrika:\u00a0 <a href=\"https:\/\/technet.idnes.cz\/redir.aspx?c=A190201_163623_veda_pka&amp;x=socialky_android_z\" target=\"_blank\" rel=\"noopener noreferrer\">Technet\u00a0<\/a>\n\nAmerika \u010del\u00ed t\u0159eskut\u00fdm mraz\u016fm o teplot\u011b -30 stup\u0148\u016f Celsia. Paradoxn\u011b je to d\u016fsledek klimatick\u00fdch zm\u011bn. \u201eGlob\u00e1ln\u00ed oteplov\u00e1n\u00ed\u201c toti\u017e neznamen\u00e1 jen m\u00edrn\u00fd n\u00e1r\u016fst pr\u016fm\u011brn\u00e9 glob\u00e1ln\u00ed teploty, ale tak\u00e9 divo\u010dej\u0161\u00ed po\u010das\u00ed a lok\u00e1ln\u00ed extr\u00e9my. Glob\u00e1ln\u00ed souvislosti n\u00e1m vysv\u011btlil \u010desk\u00fd klimatolog Radim Tolasz.\n\n<!-- \/wp:post-content -->\n\n<!-- wp:image {\"id\":8903} -->\n<figure class=\"wp-block-image\"><img loading=\"lazy\" decoding=\"async\" class=\"wp-image-8903\" src=\"https:\/\/www.alohapatek.cz\/wp-content\/uploads\/2019\/02\/mr\u00e1z-1.jpg\" alt=\"\" width=\"370\" height=\"246\" srcset=\"https:\/\/www.alohapatek.cz\/wp-content\/uploads\/2019\/02\/mr\u00e1z-1.jpg 800w, https:\/\/www.alohapatek.cz\/wp-content\/uploads\/2019\/02\/mr\u00e1z-1-300x199.jpg 300w, https:\/\/www.alohapatek.cz\/wp-content\/uploads\/2019\/02\/mr\u00e1z-1-768x510.jpg 768w, https:\/\/www.alohapatek.cz\/wp-content\/uploads\/2019\/02\/mr\u00e1z-1-520x345.jpg 520w\" sizes=\"auto, (max-width: 370px) 100vw, 370px\" \/><\/figure>\n<!-- \/wp:image -->","protected":false},"excerpt":{"rendered":"<p>Rekordn\u00ed mrazy i vedra: Zm\u011bna klimatu p\u0159in\u00e1\u0161\u00ed divok\u00e9 extr\u00e9mn\u00ed po\u010das\u00ed:&#8230;<\/p>\n","protected":false},"author":3,"featured_media":8603,"comment_status":"open","ping_status":"open","sticky":false,"template":"","format":"standard","meta":{"footnotes":""},"categories":[7],"tags":[122,110],"class_list":["post-4515","post","type-post","status-publish","format-standard","has-post-thumbnail","hentry","category-pocasi","tag-klima","tag-mraz"],"_links":{"self":[{"href":"https:\/\/www.alohapatek.cz\/index.php\/wp-json\/wp\/v2\/posts\/4515","targetHints":{"allow":["GET"]}}],"collection":[{"href":"https:\/\/www.alohapatek.cz\/index.php\/wp-json\/wp\/v2\/posts"}],"about":[{"href":"https:\/\/www.alohapatek.cz\/index.php\/wp-json\/wp\/v2\/types\/post"}],"author":[{"embeddable":true,"href":"https:\/\/www.alohapatek.cz\/index.php\/wp-json\/wp\/v2\/users\/3"}],"replies":[{"embeddable":true,"href":"https:\/\/www.alohapatek.cz\/index.php\/wp-json\/wp\/v2\/comments?post=4515"}],"version-history":[{"count":7,"href":"https:\/\/www.alohapatek.cz\/index.php\/wp-json\/wp\/v2\/posts\/4515\/revisions"}],"predecessor-version":[{"id":11001,"href":"https:\/\/www.alohapatek.cz\/index.php\/wp-json\/wp\/v2\/posts\/4515\/revisions\/11001"}],"wp:featuredmedia":[{"embeddable":true,"href":"https:\/\/www.alohapatek.cz\/index.php\/wp-json\/wp\/v2\/media\/8603"}],"wp:attachment":[{"href":"https:\/\/www.alohapatek.cz\/index.php\/wp-json\/wp\/v2\/media?parent=4515"}],"wp:term":[{"taxonomy":"category","embeddable":true,"href":"https:\/\/www.alohapatek.cz\/index.php\/wp-json\/wp\/v2\/categories?post=4515"},{"taxonomy":"post_tag","embeddable":true,"href":"https:\/\/www.alohapatek.cz\/index.php\/wp-json\/wp\/v2\/tags?post=4515"}],"curies":[{"name":"wp","href":"https:\/\/api.w.org\/{rel}","templated":true}]}}