{"id":7667,"date":"2016-10-01T13:47:16","date_gmt":"2016-10-01T13:47:16","guid":{"rendered":"http:\/\/Mame-zakoreneny-strach-z-infekci-proto-jsme-uverili-v-zazracnou-moc-antibiotik-rika-Josef-Jonas"},"modified":"2022-04-22T16:18:54","modified_gmt":"2022-04-22T15:18:54","slug":"mame-zakoreneny-strach-z-infekci-rika-josef-jonas","status":"publish","type":"post","link":"https:\/\/www.alohapatek.cz\/index.php\/2016\/10\/01\/mame-zakoreneny-strach-z-infekci-rika-josef-jonas\/","title":{"rendered":"M\u00e1me zako\u0159en\u011bn\u00fd strach z infekc\u00ed, \u0159\u00edk\u00e1 Josef Jon\u00e1\u0161"},"content":{"rendered":"\n<figure class=\"wp-block-image is-resized\"><img loading=\"lazy\" decoding=\"async\" src=\"https:\/\/www.alohapatek.cz\/wp-content\/uploads\/2019\/03\/kucha\u0159-1.jpeg\" alt=\"\" class=\"wp-image-11161\" width=\"799\" height=\"448\" srcset=\"https:\/\/www.alohapatek.cz\/wp-content\/uploads\/2019\/03\/kucha\u0159-1.jpeg 960w, https:\/\/www.alohapatek.cz\/wp-content\/uploads\/2019\/03\/kucha\u0159-1-300x169.jpeg 300w, https:\/\/www.alohapatek.cz\/wp-content\/uploads\/2019\/03\/kucha\u0159-1-768x432.jpeg 768w, https:\/\/www.alohapatek.cz\/wp-content\/uploads\/2019\/03\/kucha\u0159-1-520x293.jpeg 520w\" sizes=\"auto, (max-width: 799px) 100vw, 799px\" \/><\/figure>\n\n\n\n<p><a href=\"http:\/\/www.rozhlas.cz\/dvojka\/kupredudominulosti\/_zprava\/mame-zakoreneny-strach-z-infekci-proto-jsme-uverili-v-zazracnou-moc-antibiotik-rika-josef-jonas--1473085\" target=\"_blank\" rel=\"noreferrer noopener\" aria-label=\"http:\/\/www.rozhlas.cz\/dvojka\/kupredudominulosti\/_zprava\/mame-zakoreneny-strach-z-infekci-proto-jsme-uverili-v-zazracnou-moc-antibiotik-rika-josef-jonas--1473085 (otev\u0159e se na nov\u00e9 z\u00e1lo\u017ece)\">http:\/\/www.rozhlas.cz\/dvojka\/kupredudominulosti\/_zprava\/mame-zakoreneny-strach-z-infekci-proto-jsme-uverili-v-zazracnou-moc-antibiotik-rika-josef-jonas&#8211;1473085<\/a><\/p>\n","protected":false},"excerpt":{"rendered":"<p>        M\u00e1me zako\u0159en\u011bn\u00fd strach z infekc\u00ed, proto jsme uv\u011b\u0159ili v z\u00e1zra\u010dnou moc antibiotik, \u0159\u00edk\u00e1 Josef Jon\u00e1\u0161<\/p>\n","protected":false},"author":3,"featured_media":11161,"comment_status":"open","ping_status":"open","sticky":false,"template":"","format":"standard","meta":{"footnotes":""},"categories":[6],"tags":[241,5,24],"class_list":["post-7667","post","type-post","status-publish","format-standard","has-post-thumbnail","hentry","category-zdravi","tag-jonas","tag-radim-adamek","tag-zdravi"],"_links":{"self":[{"href":"https:\/\/www.alohapatek.cz\/index.php\/wp-json\/wp\/v2\/posts\/7667","targetHints":{"allow":["GET"]}}],"collection":[{"href":"https:\/\/www.alohapatek.cz\/index.php\/wp-json\/wp\/v2\/posts"}],"about":[{"href":"https:\/\/www.alohapatek.cz\/index.php\/wp-json\/wp\/v2\/types\/post"}],"author":[{"embeddable":true,"href":"https:\/\/www.alohapatek.cz\/index.php\/wp-json\/wp\/v2\/users\/3"}],"replies":[{"embeddable":true,"href":"https:\/\/www.alohapatek.cz\/index.php\/wp-json\/wp\/v2\/comments?post=7667"}],"version-history":[{"count":2,"href":"https:\/\/www.alohapatek.cz\/index.php\/wp-json\/wp\/v2\/posts\/7667\/revisions"}],"predecessor-version":[{"id":11686,"href":"https:\/\/www.alohapatek.cz\/index.php\/wp-json\/wp\/v2\/posts\/7667\/revisions\/11686"}],"wp:featuredmedia":[{"embeddable":true,"href":"https:\/\/www.alohapatek.cz\/index.php\/wp-json\/wp\/v2\/media\/11161"}],"wp:attachment":[{"href":"https:\/\/www.alohapatek.cz\/index.php\/wp-json\/wp\/v2\/media?parent=7667"}],"wp:term":[{"taxonomy":"category","embeddable":true,"href":"https:\/\/www.alohapatek.cz\/index.php\/wp-json\/wp\/v2\/categories?post=7667"},{"taxonomy":"post_tag","embeddable":true,"href":"https:\/\/www.alohapatek.cz\/index.php\/wp-json\/wp\/v2\/tags?post=7667"}],"curies":[{"name":"wp","href":"https:\/\/api.w.org\/{rel}","templated":true}]}}